{"id":27802,"date":"2025-01-09T11:13:22","date_gmt":"2025-01-09T16:13:22","guid":{"rendered":"https:\/\/newsqr.com.mx\/?p=27802"},"modified":"2025-01-09T16:13:24","modified_gmt":"2025-01-09T16:13:24","slug":"claudia-trump-esta-mal-informado-pero-nos-entenderemos","status":"publish","type":"post","link":"https:\/\/newsqr.com.mx\/?p=27802","title":{"rendered":"Claudia: Trump est\u00e1 mal informado, pero \u201cnos entenderemos\u201d"},"content":{"rendered":"<p>\ud83d\udd38 Responde con la broma de llamar \u201cAm\u00e9rica Mexicana\u201d a Norteam\u00e9rica, como en el siglo XVII; pide a c\u00f3nsules estar en \u201calerta m\u00e1xima\u201d ante deportaciones.<\/p>\n<p>#NACIONAL | La presidenta Claudia Sheinbaum asegur\u00f3 que el futuro presidente\u00a0de Estados Unidos, Donald Trump, est\u00e1 mal informado, pues en M\u00e9xico \u201cgobierna el pueblo\u201d; sin embargo, confi\u00f3 en que \u201cnos vamos a entender\u201d.<\/p>\n<p>En Palacio Nacional, Sheinbaum respondi\u00f3 a las declaraciones del republicano, quien un d\u00eda antes afirm\u00f3 que el pa\u00eds\u00a0est\u00e1 \u201cesencialmente gobernado\u201d por los c\u00e1rteles.<\/p>\n<p>\u201cYo creo que al (futuro) presidente le mal informaron que en M\u00e9xico todav\u00eda gobiernan Felipe Calder\u00f3n y (Genaro) Garc\u00eda Luna, pero no, aqu\u00ed gobierna el pueblo\u201d, revir\u00f3.<\/p>\n<p>Asever\u00f3 que \u201cla Presidenta fue elegida por el pueblo\u201d y que ya\u00a0est\u00e1n atendiendo el problema de\u00a0la inseguridad.<\/p>\n<p>\u2014\u00bfEs una acusaci\u00f3n grave, Presidenta, decir que el narco gobierna en M\u00e9xico?<br \/>\n\u2014S\u00ed, pero es falso.<\/p>\n<p>No obstante, la titular del Ejecutivo se dijo \u201csegura de que nos vamos a entender\u201d con la pr\u00f3xima administraci\u00f3n incluso\u00a0en temas de seguridad y migraci\u00f3n.<\/p>\n<p>\u201cVamos a colaborar y entendernos con el gobierno de Trump, estoy segura de ello, defendiendo nuestra soberan\u00eda como pa\u00eds libre e\u00a0independiente, y colaborando en todo lo que se pueda, desde los temas comerciales hasta los de seguridad y migraci\u00f3n.<\/p>\n<p>\u201cNos interesa much\u00edsimo que pare la entrada de armas de EU a M\u00e9xico, porque 75 por ciento de las armas incautadas vienen de all\u00e1\u201d, apunt\u00f3.<\/p>\n<p>Al inicio de su conferencia\u00a0respondi\u00f3 a Trump que el nombre del Golfo de M\u00e9xico est\u00e1 reconocido por la Organizaci\u00f3n de las Naciones Unidas desde 1607 y brome\u00f3 con llamarle \u201cAm\u00e9rica Mexicana\u201d a Norteam\u00e9rica.<\/p>\n<p>Tras la propuesta del republicano de renombrar la zona como Golfo de Am\u00e9rica, Sheinbaum\u00a0mostr\u00f3\u00a0un mapa que data de 1607, editado por \u201cun flamenco para la Compa\u00f1\u00eda de Indias de \u00c1msterdam\u201d,\u00a0que llama \u201cAm\u00e9rica Mexicana\u201d al actual territorio de EU.<\/p>\n<p>\u201cEl nombre de\u00a0Golfo de M\u00e9xico est\u00e1 reconocido por Naciones Unidas, \u00bfpero por qu\u00e9 no le llamamos Am\u00e9rica Mexicana?, \u00bfse oye bonito, no?\u201d,\u00a0brome\u00f3.<\/p>\n<p>El comentario fue secundado por\u00a0Jos\u00e9 Alfonso Su\u00e1rez del Real, asesor pol\u00edtico de la Coordinaci\u00f3n de Comunicaci\u00f3n Social de Presidencia, al sostener que\u00a0dicho nombre, \u201cadem\u00e1s de hist\u00f3rico, est\u00e1 registrado ante organismos internacionales, que lo consideran un referente n\u00e1utico desde el siglo XVI,\u00a0antes de que existiera EU\u201d.<\/p>\n<p>La Presidenta abund\u00f3 que\u00a0un pa\u00eds no puede tomar decisiones unilaterales, porque existe el derecho internacional, pero\u00a0se pronunci\u00f3 por\u00a0esperar a que el republicano asuma la Presidencia.<\/p>\n<p>\u201c\u00c9l (Trump) habl\u00f3 del nombre, nosotros tambi\u00e9n hablamos del nombre, en 1607 Am\u00e9rica del Norte se llamaba \u201cAm\u00e9rica Mexicana\u201d. Entonces hay que esperar\u00a0a que llegue a la Presidencia\u201d, dijo Sheinbaum.<\/p>\n<p>Pese a las declaraciones del republicano y a unos d\u00edas de que llegue por segunda vez a la Casa Blanca, reiter\u00f3 que sigue\u00a0\u201cpensando\u201d que tendr\u00e1 una buena relaci\u00f3n con su administraci\u00f3n. \u201c\u00bfEn qu\u00e9 me baso?, pues en que hubo buenas relaciones con Andr\u00e9s Manuel L\u00f3pez Obrador, y tiene que haber\u00a0respeto mutuo y colaboraci\u00f3n, no subordinaci\u00f3n\u201d.<\/p>\n<p>En la cuenta regresiva para que el republicano asuma la Casa Blanca,\u00a0Sheinbaum pidi\u00f3 a los c\u00f3nsules de M\u00e9xico en EU redoblar esfuerzos y estar en \u201calerta m\u00e1xima\u201d ante posibles deportaciones de connacionales.<\/p>\n<p>Los c\u00f3nsules y embajadores mexicanos en todo el mundo se reunieron por m\u00e1s de dos horas con la mandataria y el secretario de Relaciones Exteriores, Juan Ram\u00f3n de la Fuente, en el Sal\u00f3n Tesorer\u00eda de Palacio Nacional.<\/p>\n<p>Dicho encuentro se centr\u00f3 en la estrategia del gobierno morenista para defender a los mexicanos que radican\u00a0en EU.<\/p>\n<p>\u201cEncabezamos en Palacio Nacional la Reuni\u00f3n de Titulares de Embajadas y Consulados 2025, en compa\u00f1\u00eda del canciller; nuestros hermanos y hermanas migrantes tienen todo el apoyo. Hablamos de la autoridad moral de\u00a0M\u00e9xico ante el mundo\u201d, public\u00f3 Sheinbaum en sus redes.<\/p>\n<p>Por separado, el\u00a0c\u00f3nsul de Denver, P\u00e1vel Mel\u00e9ndez, inform\u00f3 que la Presidenta inst\u00f3 a estar cerca de los connacionales. \u201cEst\u00e1 convencida de que tenemos una comunidad fuerte y\u00a0vibrante, y nos pidi\u00f3\u00a0que estemos todo el d\u00eda conviviendo con ellos\u00a0en el \u00e1rea de atenci\u00f3n al p\u00fablico para saber sus sentir y pesar&#8230;\u00a0lo que nos quieran decir y reclamar, pero sobre todo atenderlos como se merecen: con dignidad. M\u00e9xico no va a escatimar ning\u00fan esfuerzo en defenderlos.<\/p>\n<p>\u201cFue particularmente directa con los c\u00f3nsules de M\u00e9xico en EU\u2026\u00a0nos pide que redoblemos esfuerzos y que estemos en alerta m\u00e1xima y que no escatimemos ning\u00fan esfuerzo para poder apoyar a la comunidad\u201d, detall\u00f3.<br \/>\nAl t\u00e9rmino del encuentro en la residencia presidencial, Mel\u00e9ndez comparti\u00f3 que otro planteamiento fue\u00a0realizar asambleas p\u00fablicas para conocer el sentir de los connacionales. \u201cFue un mensaje poderoso y muy sensible\u201d.<\/p>\n<p>Por la\u00a0noche, el embajador de M\u00e9xico en EU, Esteban Moctezuma, asegur\u00f3 que los encuentros con c\u00f3nsules buscan enviar el mensaje de \u201cprotecci\u00f3n es documentaci\u00f3n\u201d para preparar a los connacionales que viven all\u00e1.<\/p>\n","protected":false},"excerpt":{"rendered":"<p>\ud83d\udd38 Responde con la broma de llamar \u201cAm\u00e9rica Mexicana\u201d a Norteam\u00e9rica, como en el siglo&#8230;<\/p>\n","protected":false},"author":1,"featured_media":27804,"comment_status":"open","ping_status":"closed","sticky":false,"template":"","format":"standard","meta":{"footnotes":""},"categories":[2],"tags":[],"class_list":["post-27802","post","type-post","status-publish","format-standard","has-post-thumbnail","hentry","category-nacional"],"_links":{"self":[{"href":"https:\/\/newsqr.com.mx\/index.php?rest_route=\/wp\/v2\/posts\/27802","targetHints":{"allow":["GET"]}}],"collection":[{"href":"https:\/\/newsqr.com.mx\/index.php?rest_route=\/wp\/v2\/posts"}],"about":[{"href":"https:\/\/newsqr.com.mx\/index.php?rest_route=\/wp\/v2\/types\/post"}],"author":[{"embeddable":true,"href":"https:\/\/newsqr.com.mx\/index.php?rest_route=\/wp\/v2\/users\/1"}],"replies":[{"embeddable":true,"href":"https:\/\/newsqr.com.mx\/index.php?rest_route=%2Fwp%2Fv2%2Fcomments&post=27802"}],"version-history":[{"count":1,"href":"https:\/\/newsqr.com.mx\/index.php?rest_route=\/wp\/v2\/posts\/27802\/revisions"}],"predecessor-version":[{"id":27803,"href":"https:\/\/newsqr.com.mx\/index.php?rest_route=\/wp\/v2\/posts\/27802\/revisions\/27803"}],"wp:featuredmedia":[{"embeddable":true,"href":"https:\/\/newsqr.com.mx\/index.php?rest_route=\/wp\/v2\/media\/27804"}],"wp:attachment":[{"href":"https:\/\/newsqr.com.mx\/index.php?rest_route=%2Fwp%2Fv2%2Fmedia&parent=27802"}],"wp:term":[{"taxonomy":"category","embeddable":true,"href":"https:\/\/newsqr.com.mx\/index.php?rest_route=%2Fwp%2Fv2%2Fcategories&post=27802"},{"taxonomy":"post_tag","embeddable":true,"href":"https:\/\/newsqr.com.mx\/index.php?rest_route=%2Fwp%2Fv2%2Ftags&post=27802"}],"curies":[{"name":"wp","href":"https:\/\/api.w.org\/{rel}","templated":true}]}}