{"id":27869,"date":"2025-01-13T11:11:00","date_gmt":"2025-01-13T16:11:00","guid":{"rendered":"https:\/\/newsqr.com.mx\/?p=27869"},"modified":"2025-01-13T16:11:01","modified_gmt":"2025-01-13T16:11:01","slug":"aguascalientes-potencia-exportadora-marcelo-ebrard","status":"publish","type":"post","link":"https:\/\/newsqr.com.mx\/?p=27869","title":{"rendered":"Aguascalientes, potencia exportadora: Marcelo Ebrard"},"content":{"rendered":"<p>\ud83d\udd38 Si le va bien a Aguascalientes le va bien a M\u00e9xico, dijo el secretario de Econom\u00eda.<\/p>\n<p>#AGUASCALIENTES | El estado es una potencia en cuanto a la exportaci\u00f3n, ha avanzado mucho y si se considera la exportaci\u00f3n \u201cper c\u00e1pita\u201d est\u00e1 entre los primeros de M\u00e9xico, es el n\u00famero uno, dijo Marcelo Ebrard, Secretario de Econom\u00eda del gobierno federal.<\/p>\n<p>La presencia en nuestra ciudad del funcionario federal fue a ra\u00edz de la celebraci\u00f3n en Aguascalientes del \u201cForo Plan Nacional de Desarrollo 2025-2030: Econom\u00eda Moral y del Trabajo, Igualdad Sustantiva y Derechos de las Mujeres\u201d.<\/p>\n<p>Aguascalientes ha avanzado mucho y es uno de los estados m\u00e1s seguros del pa\u00eds, a\u00f1adi\u00f3 Ebrard. Si le va bien a Aguascalientes la va bien a M\u00e9xico.<\/p>\n<p>Al intervenir en el evento, la gobernadora Tere Jim\u00e9nez resalt\u00f3 que nuestro estado creci\u00f3 en el pasado a\u00f1o 2024 m\u00e1s del 6% y que 27 inversiones importantes llegaron a la entidad en el pasado a\u00f1o. Trabajamos siempre con la mirada puesta en concretar un futuro en el que las fortalezas econ\u00f3micas se traduzcan en mejor calidad de vida para cada persona y familia, dijo.<\/p>\n<p>Agreg\u00f3 que M\u00e9xico puede contar con Aguascalientes, con su talento, compromiso y capacidad de impulsar el crecimiento nacional y construir una naci\u00f3n m\u00e1s pr\u00f3spera y fuerte.<\/p>\n<p>Destac\u00f3 asimismo que son importantes los avances logrados en \u00e1reas clave como en la inversi\u00f3n extranjera, el campo, la educaci\u00f3n, la innovaci\u00f3n, el apoyo a las micro peque\u00f1as y medianas empresas, y la apuesta por las energ\u00edas limpias. Todo ello posiciona al estado como un modelo de desarrollo a nivel nacional, finaliz\u00f3 la gobernadora.<\/p>\n","protected":false},"excerpt":{"rendered":"<p>\ud83d\udd38 Si le va bien a Aguascalientes le va bien a M\u00e9xico, dijo el secretario&#8230;<\/p>\n","protected":false},"author":1,"featured_media":27871,"comment_status":"open","ping_status":"closed","sticky":false,"template":"","format":"standard","meta":{"footnotes":""},"categories":[21],"tags":[],"class_list":["post-27869","post","type-post","status-publish","format-standard","has-post-thumbnail","hentry","category-aguascalientes"],"_links":{"self":[{"href":"https:\/\/newsqr.com.mx\/index.php?rest_route=\/wp\/v2\/posts\/27869","targetHints":{"allow":["GET"]}}],"collection":[{"href":"https:\/\/newsqr.com.mx\/index.php?rest_route=\/wp\/v2\/posts"}],"about":[{"href":"https:\/\/newsqr.com.mx\/index.php?rest_route=\/wp\/v2\/types\/post"}],"author":[{"embeddable":true,"href":"https:\/\/newsqr.com.mx\/index.php?rest_route=\/wp\/v2\/users\/1"}],"replies":[{"embeddable":true,"href":"https:\/\/newsqr.com.mx\/index.php?rest_route=%2Fwp%2Fv2%2Fcomments&post=27869"}],"version-history":[{"count":1,"href":"https:\/\/newsqr.com.mx\/index.php?rest_route=\/wp\/v2\/posts\/27869\/revisions"}],"predecessor-version":[{"id":27870,"href":"https:\/\/newsqr.com.mx\/index.php?rest_route=\/wp\/v2\/posts\/27869\/revisions\/27870"}],"wp:featuredmedia":[{"embeddable":true,"href":"https:\/\/newsqr.com.mx\/index.php?rest_route=\/wp\/v2\/media\/27871"}],"wp:attachment":[{"href":"https:\/\/newsqr.com.mx\/index.php?rest_route=%2Fwp%2Fv2%2Fmedia&parent=27869"}],"wp:term":[{"taxonomy":"category","embeddable":true,"href":"https:\/\/newsqr.com.mx\/index.php?rest_route=%2Fwp%2Fv2%2Fcategories&post=27869"},{"taxonomy":"post_tag","embeddable":true,"href":"https:\/\/newsqr.com.mx\/index.php?rest_route=%2Fwp%2Fv2%2Ftags&post=27869"}],"curies":[{"name":"wp","href":"https:\/\/api.w.org\/{rel}","templated":true}]}}