{"id":27973,"date":"2025-01-21T11:12:14","date_gmt":"2025-01-21T16:12:14","guid":{"rendered":"https:\/\/newsqr.com.mx\/?p=27973"},"modified":"2025-01-21T16:12:15","modified_gmt":"2025-01-21T16:12:15","slug":"emiliano-aguilar-rompe-el-silencio-y-reacciona-a-las-criticas-contra-su-hermana-angela-aguilar","status":"publish","type":"post","link":"https:\/\/newsqr.com.mx\/?p=27973","title":{"rendered":"Emiliano Aguilar &#8216;rompe el silencio&#8217; y reacciona a las cr\u00edticas contra su hermana, \u00c1ngela Aguilar"},"content":{"rendered":"<p>\ud83d\udd38 El hijo mayor de Pepe Aguilar revel\u00f3 que la manera en la que su pap\u00e1 y su hermana manejaron el esc\u00e1ndalo de la relaci\u00f3n con Nodal no fue la mejor y por eso han sido blanco de muchas cr\u00edticas.<\/p>\n<p>#ESPECT\u00c1CULOS | Emiliano Aguilar, hijo mayor del cantante Pepe Aguilar, comparti\u00f3 durante una reciente entrevista en el podcast de Gusgri, detalles Supras, su relaci\u00f3n con su padre y sus hermanos. En la entrevista, el cantante habl\u00f3 de las cr\u00edticas que ha enfrentado su familia, y sobretodo del esc\u00e1ndalo que envuelve a Los Aguilar por la relaci\u00f3n y apresurado matrimonio entre su hermana, \u00c1ngela Aguilar y Christian Nodal.<\/p>\n<p>Adem\u00e1s, el rapero hablo de la pol\u00e9mica que ha generado la interacci\u00f3n que ha tenido con Cazzu, ex pareja del ahora, esposo de su hermana, Christian Nodal.<\/p>\n<p>Emiliano Aguilar comparti\u00f3 en el podcast de Gusgri, que pertenece a la familia Aguilar, una con tanta trayectoria destacada en la m\u00fasica le ha generado comentarios positivos y negativos aunque seguro que \u00e9l se encuentre enfocado en construir su propia carrera en el mundo de la m\u00fasica.<\/p>\n<p>En una parte de la entrevista, Emiliano record\u00f3 la pol\u00e9mica en la que se vio envuelto hace algunos meses sobre un comentario que hizo sobre \u00c1ngela Aguilar y Christian Nodal. El tambi\u00e9n cantante mencion\u00f3 que en aquel momento sus declaraciones fueron malinterpretadas pues nunca tuvo la intenci\u00f3n de generar pol\u00e9mica u ofender a alguien, pues \u00fanicamente respondi\u00f3 una pregunta sobre qu\u00e9 consejo le dar\u00eda a su hermana.<\/p>\n<p>En aquel momento Emiliano Aguilar respondi\u00f3: \u00abque se aguante\u00bb; sin embargo, quiso aclarar que no ten\u00eda una mala intenci\u00f3n con esa frase sino que quer\u00eda aconsejarla, bas\u00e1ndose en su propia experiencia personal.<\/p>\n<p>\u201cY yo dije, no pues que se aguante, pero yo no lo dije de mala onda. Lo dije porque a m\u00ed me lo dijeron una vez cuando me pas\u00f3 la pol\u00e9mica de los chinos. Entonces todos me empezaron a llamar malagradecido\u201d, se\u00f1al\u00f3.<\/p>\n<p>Asimismo, Emiliano Aguilar habl\u00f3 sobre la manera de actuar de su padre, Pepe Aguilar al defender a su hija de todas las cr\u00edticas que ha desatado, primero con su relaci\u00f3n con Christian Nodal a pocas semanas de haber anunciado que hab\u00eda terminado con Cazzu\u200b Y su posterior matrimonio:<\/p>\n<p>\u201cYo tambi\u00e9n me pongo a pensar, porque yo tambi\u00e9n tengo una hija (&#8230;) Yo ser\u00eda de otra manera con mi hija\u201d.<\/p>\n<p>Emiliano Aguilar consider\u00f3 que tanto su hermana como su pap\u00e1 han cometido el error de seguir hablando de la situaci\u00f3n pues eso ha provocado que la pol\u00e9mica crezca y se haga m\u00e1s fuerte.<\/p>\n<p>\u201cEs lo que no entienden, ya deja de decir cosas. Yo le quer\u00eda decir eso, que ya no digas nada, deja que el problema se vaya desvaneciendo y ya. Le siguen tirando y le siguen tirando y se hace m\u00e1s grande, el fuego sigue encendido\u201d.<\/p>\n<p>En otra parte de la entrevista, Emiliano Aguilar explic\u00f3 que aunque no existe un conflicto con su familia, la diferente manera de pensar entre ambos, y las circunstancias han generado un distanciamiento, pues revel\u00f3 que tiene dos a\u00f1os que no habla directamente con su pap\u00e1.<\/p>\n<p>\u201cTiene 2 a\u00f1os que no hablo directamente con mi pap\u00e1. Mi pap\u00e1 no es una mala persona, est\u00e1 tratando de hacer lo mejor que puede con la situaci\u00f3n que se le est\u00e1 presentando\u201d, dijo.<\/p>\n<p>Y fue en ese momento en donde asegur\u00f3 que su hermana, la cantante \u00c1ngela Aguilar, fue la que cometi\u00f3 el error qu\u00e9 hora la tiene en medio del esc\u00e1ndalo y no su pap\u00e1, aunque lo justific\u00f3 diciendo que Pepe Aguilar va a salir a defender a su hija.<\/p>\n<p>\u201cMi pap\u00e1 no es una mala persona. Aqu\u00ed la que la cag\u00f3 macizo, fue mi hermana. Mi pap\u00e1 realmente no tiene nada que ver aqu\u00ed, mi pap\u00e1 la cag* porque se meti\u00f3\u201d.<\/p>\n<p>De igual manera, Emiliano tambi\u00e9n confes\u00f3 que con sus hermanos tampoco mantiene una relaci\u00f3n cercana. Pues no ha tenido contacto con ellos ni han conocido a su hija.<\/p>\n<p>\u201cNi con mi hermano, ni con mis hermanas. Siento que yo tengo otra mentalidad, ellos la tienen que vivir un poquito m\u00e1s. Tambi\u00e9n son mis hermanos y los quiero\u201d, afirm\u00f3.<\/p>\n<p>\u201cNo es que no nos llevemos bien, yo lo quiero mucho. No coincidimos en muchas cosas. Creo una vez nada m\u00e1s me dijo \u2018feliz cumplea\u00f1os\u2019. Ni con mi hermano, ni con mis hermanas\u201d.<\/p>\n","protected":false},"excerpt":{"rendered":"<p>\ud83d\udd38 El hijo mayor de Pepe Aguilar revel\u00f3 que la manera en la que su&#8230;<\/p>\n","protected":false},"author":1,"featured_media":27975,"comment_status":"open","ping_status":"closed","sticky":false,"template":"","format":"standard","meta":{"footnotes":""},"categories":[3],"tags":[],"class_list":["post-27973","post","type-post","status-publish","format-standard","has-post-thumbnail","hentry","category-espectaculos"],"_links":{"self":[{"href":"https:\/\/newsqr.com.mx\/index.php?rest_route=\/wp\/v2\/posts\/27973","targetHints":{"allow":["GET"]}}],"collection":[{"href":"https:\/\/newsqr.com.mx\/index.php?rest_route=\/wp\/v2\/posts"}],"about":[{"href":"https:\/\/newsqr.com.mx\/index.php?rest_route=\/wp\/v2\/types\/post"}],"author":[{"embeddable":true,"href":"https:\/\/newsqr.com.mx\/index.php?rest_route=\/wp\/v2\/users\/1"}],"replies":[{"embeddable":true,"href":"https:\/\/newsqr.com.mx\/index.php?rest_route=%2Fwp%2Fv2%2Fcomments&post=27973"}],"version-history":[{"count":1,"href":"https:\/\/newsqr.com.mx\/index.php?rest_route=\/wp\/v2\/posts\/27973\/revisions"}],"predecessor-version":[{"id":27974,"href":"https:\/\/newsqr.com.mx\/index.php?rest_route=\/wp\/v2\/posts\/27973\/revisions\/27974"}],"wp:featuredmedia":[{"embeddable":true,"href":"https:\/\/newsqr.com.mx\/index.php?rest_route=\/wp\/v2\/media\/27975"}],"wp:attachment":[{"href":"https:\/\/newsqr.com.mx\/index.php?rest_route=%2Fwp%2Fv2%2Fmedia&parent=27973"}],"wp:term":[{"taxonomy":"category","embeddable":true,"href":"https:\/\/newsqr.com.mx\/index.php?rest_route=%2Fwp%2Fv2%2Fcategories&post=27973"},{"taxonomy":"post_tag","embeddable":true,"href":"https:\/\/newsqr.com.mx\/index.php?rest_route=%2Fwp%2Fv2%2Ftags&post=27973"}],"curies":[{"name":"wp","href":"https:\/\/api.w.org\/{rel}","templated":true}]}}