{"id":28136,"date":"2025-01-27T09:44:19","date_gmt":"2025-01-27T14:44:19","guid":{"rendered":"https:\/\/newsqr.com.mx\/?p=28136"},"modified":"2025-01-27T14:44:21","modified_gmt":"2025-01-27T14:44:21","slug":"detienen-a-futbolista-por-trafico-de-drogas","status":"publish","type":"post","link":"https:\/\/newsqr.com.mx\/?p=28136","title":{"rendered":"Detienen a futbolista por tr\u00e1fico de drogas"},"content":{"rendered":"<p>\ud83d\udd38 El exinternacional belga debut\u00f3 el viernes pasado con el Lokeren-Temse de segunda divisi\u00f3n belga y meti\u00f3 un gol<\/p>\n<p>#DEPORTES | Hace unas semanas, Radja Nainggolan sorprendi\u00f3 al mundo del f\u00fatbol anunciando su fichaje por el Lokeren-Temse de la segunda divisi\u00f3n belga. Tras debutar con gol el pasado viernes, el exinternacional belga ha sido detenido en su pa\u00eds al estar vinculado presuntamente con una trama de tr\u00e1fico de drogas internacional.<\/p>\n<p>El fiscal Julien Moinil ha confirmado la noticia a Le Derniere Heure. \u201cLa investigaci\u00f3n se refiere a supuestos actos de importaci\u00f3n de coca\u00edna desde Am\u00e9rica del Sur hacia Europa, a trav\u00e9s del puerto de Amberes, y su redistribuci\u00f3n en B\u00e9lgica\u201d, ha asegurado.<\/p>\n<p>El representante del ministerio p\u00fablico detall\u00f3 la magnitud de la operaci\u00f3n: \u201cEn el marco de un caso de la secci\u00f3n contra el crimen organizado de la fiscal\u00eda de Bruselas, confiado a un juez de instrucci\u00f3n de Bruselas, la polic\u00eda judicial federal de Bruselas llev\u00f3 a cabo 30 registros el lunes 27 de enero de 2025 por la ma\u00f1ana, principalmente en la provincia de Amberes y Bruselas, pero tambi\u00e9n en la periferia de Bruselas\u201d.<\/p>\n<p>Nainggolan brill\u00f3 especialmente en su etapa como jugador en la Serie A, primero con la Roma y despu\u00e9s con el Inter. Tras un paso por el f\u00fatbol indonesio, anunci\u00f3 su retiro en julio de 2024, aunque volvi\u00f3 a fichar por el Lokeren-Temse a finales de la semana pasada. El fiscal ha pedido que se respete la presunci\u00f3n de inocencia.<\/p>\n","protected":false},"excerpt":{"rendered":"<p>\ud83d\udd38 El exinternacional belga debut\u00f3 el viernes pasado con el Lokeren-Temse de segunda divisi\u00f3n belga&#8230;<\/p>\n","protected":false},"author":1,"featured_media":28138,"comment_status":"open","ping_status":"closed","sticky":false,"template":"","format":"standard","meta":{"footnotes":""},"categories":[5],"tags":[],"class_list":["post-28136","post","type-post","status-publish","format-standard","has-post-thumbnail","hentry","category-deportes"],"_links":{"self":[{"href":"https:\/\/newsqr.com.mx\/index.php?rest_route=\/wp\/v2\/posts\/28136","targetHints":{"allow":["GET"]}}],"collection":[{"href":"https:\/\/newsqr.com.mx\/index.php?rest_route=\/wp\/v2\/posts"}],"about":[{"href":"https:\/\/newsqr.com.mx\/index.php?rest_route=\/wp\/v2\/types\/post"}],"author":[{"embeddable":true,"href":"https:\/\/newsqr.com.mx\/index.php?rest_route=\/wp\/v2\/users\/1"}],"replies":[{"embeddable":true,"href":"https:\/\/newsqr.com.mx\/index.php?rest_route=%2Fwp%2Fv2%2Fcomments&post=28136"}],"version-history":[{"count":1,"href":"https:\/\/newsqr.com.mx\/index.php?rest_route=\/wp\/v2\/posts\/28136\/revisions"}],"predecessor-version":[{"id":28137,"href":"https:\/\/newsqr.com.mx\/index.php?rest_route=\/wp\/v2\/posts\/28136\/revisions\/28137"}],"wp:featuredmedia":[{"embeddable":true,"href":"https:\/\/newsqr.com.mx\/index.php?rest_route=\/wp\/v2\/media\/28138"}],"wp:attachment":[{"href":"https:\/\/newsqr.com.mx\/index.php?rest_route=%2Fwp%2Fv2%2Fmedia&parent=28136"}],"wp:term":[{"taxonomy":"category","embeddable":true,"href":"https:\/\/newsqr.com.mx\/index.php?rest_route=%2Fwp%2Fv2%2Fcategories&post=28136"},{"taxonomy":"post_tag","embeddable":true,"href":"https:\/\/newsqr.com.mx\/index.php?rest_route=%2Fwp%2Fv2%2Ftags&post=28136"}],"curies":[{"name":"wp","href":"https:\/\/api.w.org\/{rel}","templated":true}]}}