{"id":28142,"date":"2025-01-27T09:49:05","date_gmt":"2025-01-27T14:49:05","guid":{"rendered":"https:\/\/newsqr.com.mx\/?p=28142"},"modified":"2025-01-27T14:49:07","modified_gmt":"2025-01-27T14:49:07","slug":"confirmado-martin-anselmi-es-presentado-como-nuevo-tecnico-del-porto","status":"publish","type":"post","link":"https:\/\/newsqr.com.mx\/?p=28142","title":{"rendered":"\u00a1Confirmado! Mart\u00edn Anselmi es presentado como nuevo t\u00e9cnico del Porto"},"content":{"rendered":"<p>\ud83d\udd38 El cuento de hadas que Cruz Azul vivi\u00f3 con el argentino ha terminado sin ese final feliz que todos los aficionados celestes so\u00f1aron, al quedar pendiente la obtenci\u00f3n del t\u00edtulo de Liga MX.<\/p>\n<p>#DEPORTES | Este d\u00eda, se ha confirmado que el director t\u00e9cnico argentino ha dejado de ser el estratega de la M\u00e1quina para seguir su camino en Europa, para convertirse en el nuevo entrenador del Porto de Portugal.<\/p>\n<p>\u201cMart\u00edn Anselmi firm\u00f3 este lunes un contrato v\u00e1lido hasta 2027 y se har\u00e1 cargo del FC Porto durante las pr\u00f3ximas dos temporadas y media\u201d, informa el comunicado emitido por el club. Porto despidi\u00f3 a Vitor Bruno tras los \u00faltimos malos resultados.<\/p>\n<p>\u201cAqu\u00ed se respira algo que he so\u00f1ado toda mi vida. Pasi\u00f3n, cultura por el trabajo, exigencia\u201c, expres\u00f3 Mart\u00edn Anselmi en su presentaci\u00f3n. \u201cLa esencia que respira este club es pasi\u00f3n. Y para hacer las cosas bien tiene que ser con pasi\u00f3n\u201d.<\/p>\n<p>\u201cEstamos seguros de que eres la esperanza viva que est\u00e1bamos buscando en nuestro club, el l\u00edder que necesit\u00e1bamos\u201d, coment\u00f3 Andr\u00e9 Villas-Boas, presidente del Porto.<\/p>\n<p>El t\u00e9cnico argentino dirigir\u00e1 su primer encuentro el jueves 30 de enero, cuando Porto enfrente al Maccabi Tel-Aviv en la jornada 8, \u00faltima de la fase de clasificaci\u00f3n para octavos de final de la UEFA Europa League.<\/p>\n<p>De esta manera, se termina una relaci\u00f3n que dur\u00f3 poco m\u00e1s de un a\u00f1o, entre la ilusi\u00f3n y la decepci\u00f3n, pues Anselmi llev\u00f3 al equipo a los primeros planos en su primer torneo, qued\u00e1ndose muy cerca de conseguir la d\u00e9cima, al perder la final del Clausura 2024 de manera pol\u00e9mica con el Am\u00e9rica, despu\u00e9s de finalizar en el segundo lugar de la campa\u00f1a regular con 33 puntos.<\/p>\n<p>En el Apertura 2024, los celestes tuvieron un torneo regular de ensue\u00f1o, instaurando un nuevo r\u00e9cord de puntos en torneos de 17 jornadas con 42 unidades. Sin embargo, el equipo fue eliminado en las semifinales de nueva cuenta por el Am\u00e9rica.<\/p>\n<p>Anselmi comenz\u00f3 el armado del equipo para el Clausura 2025, trayendo a Omar Campos, Jes\u00fas Orozco Chiquete, Luka Romero y Mateusz Bogusz como refuerzos para el equipo. Sin embargo, el sudamericano decidi\u00f3 tomar otro rumbo y dejar a los azules, tras dos jornadas disputadas de la Liga MX.<\/p>\n","protected":false},"excerpt":{"rendered":"<p>\ud83d\udd38 El cuento de hadas que Cruz Azul vivi\u00f3 con el argentino ha terminado sin&#8230;<\/p>\n","protected":false},"author":1,"featured_media":28144,"comment_status":"open","ping_status":"closed","sticky":false,"template":"","format":"standard","meta":{"footnotes":""},"categories":[5],"tags":[],"class_list":["post-28142","post","type-post","status-publish","format-standard","has-post-thumbnail","hentry","category-deportes"],"_links":{"self":[{"href":"https:\/\/newsqr.com.mx\/index.php?rest_route=\/wp\/v2\/posts\/28142","targetHints":{"allow":["GET"]}}],"collection":[{"href":"https:\/\/newsqr.com.mx\/index.php?rest_route=\/wp\/v2\/posts"}],"about":[{"href":"https:\/\/newsqr.com.mx\/index.php?rest_route=\/wp\/v2\/types\/post"}],"author":[{"embeddable":true,"href":"https:\/\/newsqr.com.mx\/index.php?rest_route=\/wp\/v2\/users\/1"}],"replies":[{"embeddable":true,"href":"https:\/\/newsqr.com.mx\/index.php?rest_route=%2Fwp%2Fv2%2Fcomments&post=28142"}],"version-history":[{"count":1,"href":"https:\/\/newsqr.com.mx\/index.php?rest_route=\/wp\/v2\/posts\/28142\/revisions"}],"predecessor-version":[{"id":28143,"href":"https:\/\/newsqr.com.mx\/index.php?rest_route=\/wp\/v2\/posts\/28142\/revisions\/28143"}],"wp:featuredmedia":[{"embeddable":true,"href":"https:\/\/newsqr.com.mx\/index.php?rest_route=\/wp\/v2\/media\/28144"}],"wp:attachment":[{"href":"https:\/\/newsqr.com.mx\/index.php?rest_route=%2Fwp%2Fv2%2Fmedia&parent=28142"}],"wp:term":[{"taxonomy":"category","embeddable":true,"href":"https:\/\/newsqr.com.mx\/index.php?rest_route=%2Fwp%2Fv2%2Fcategories&post=28142"},{"taxonomy":"post_tag","embeddable":true,"href":"https:\/\/newsqr.com.mx\/index.php?rest_route=%2Fwp%2Fv2%2Ftags&post=28142"}],"curies":[{"name":"wp","href":"https:\/\/api.w.org\/{rel}","templated":true}]}}