{"id":28305,"date":"2025-02-04T10:36:50","date_gmt":"2025-02-04T15:36:50","guid":{"rendered":"https:\/\/newsqr.com.mx\/?p=28305"},"modified":"2025-02-04T15:36:51","modified_gmt":"2025-02-04T15:36:51","slug":"el-salvador-acepta-recibir-en-sus-carceles-a-inmigrantes-criminales-deportados-de-ee-uu","status":"publish","type":"post","link":"https:\/\/newsqr.com.mx\/?p=28305","title":{"rendered":"El Salvador acepta recibir en sus c\u00e1rceles a inmigrantes \u00abcriminales\u00bb deportados de EE.UU"},"content":{"rendered":"<p>\ud83d\udd38 El secretario de Estado de Donald Trump afirma que el acuerdo permitir\u00e1 a El Salvador recibir migrantes indocumentados que hayan cometido delitos en Estados Unidos, sin considerar su nacionalidad<\/p>\n<p>#INTERNACIONAL | El presidente de El Salvador, Nayib Bukele, acept\u00f3 que Estados Unidos env\u00ede a migrantes indocumentados con antecedentes criminales graves a su pa\u00eds y ofreci\u00f3 albergar en c\u00e1rceles salvadore\u00f1as a delincuentes peligrosos de nacionalidad estadounidense. El secretario de Estado de EE. UU., Marco Rubio, elogi\u00f3 esta propuesta de Bukele.<\/p>\n<p>El Secretario de Estado de los Estados Unidos, Marco Rubio, anunci\u00f3 un acuerdo tras una reuni\u00f3n de casi tres horas con el presidente de El Salvador, Nayib Bukele. Este acuerdo permitir\u00e1 que El Salvador reciba a migrantes indocumentados que hayan cometido delitos en los Estados Unidos, sin distinci\u00f3n de nacionalidad.<\/p>\n<p>\u201cYa sean del M-13 o del Tren de Aragua, ser\u00e1n deportados y alojados en c\u00e1rceles salvadore\u00f1as\u00bb.<\/p>\n<p>Durante la reuni\u00f3n con el senador Marco Rubio, el presidente Bukele anticip\u00f3 un acuerdo migratorio sin precedentes y propuso la posibilidad de recibir en su pa\u00eds a delincuentes peligrosos de Estados Unidos que se encuentran cumpliendo condenas.<\/p>\n<p>\u00abNing\u00fan pa\u00eds ha hecho nunca una oferta de amistad como \u00e9sta (&#8230;) Estamos profundamente agradecidos. Habl\u00e9 con el presidente Trump sobre esto hoy temprano\u00bb, declar\u00f3 Rubio.<\/p>\n<p>C\u00e1rcel Cecot de El Salvador<br \/>\nEl Centro de Confinamiento del Terrorismo (CECOT) es una prisi\u00f3n de m\u00e1xima seguridad en Tecoluca, El Salvador, inaugurada en enero de 2023. Con capacidad para 40,000 reclusos, es la c\u00e1rcel m\u00e1s grande de Am\u00e9rica Latina y fue construida en siete meses. Su objetivo es albergar a miembros de alto rango de pandillas, en el marco de la estrategia del presidente Nayib Bukele contra el crimen organizado. La prisi\u00f3n cuenta con ocho pabellones, cada uno con 32 celdas.<\/p>\n","protected":false},"excerpt":{"rendered":"<p>\ud83d\udd38 El secretario de Estado de Donald Trump afirma que el acuerdo permitir\u00e1 a El&#8230;<\/p>\n","protected":false},"author":1,"featured_media":28307,"comment_status":"open","ping_status":"closed","sticky":false,"template":"","format":"standard","meta":{"footnotes":""},"categories":[6],"tags":[],"class_list":["post-28305","post","type-post","status-publish","format-standard","has-post-thumbnail","hentry","category-internacional"],"_links":{"self":[{"href":"https:\/\/newsqr.com.mx\/index.php?rest_route=\/wp\/v2\/posts\/28305","targetHints":{"allow":["GET"]}}],"collection":[{"href":"https:\/\/newsqr.com.mx\/index.php?rest_route=\/wp\/v2\/posts"}],"about":[{"href":"https:\/\/newsqr.com.mx\/index.php?rest_route=\/wp\/v2\/types\/post"}],"author":[{"embeddable":true,"href":"https:\/\/newsqr.com.mx\/index.php?rest_route=\/wp\/v2\/users\/1"}],"replies":[{"embeddable":true,"href":"https:\/\/newsqr.com.mx\/index.php?rest_route=%2Fwp%2Fv2%2Fcomments&post=28305"}],"version-history":[{"count":1,"href":"https:\/\/newsqr.com.mx\/index.php?rest_route=\/wp\/v2\/posts\/28305\/revisions"}],"predecessor-version":[{"id":28306,"href":"https:\/\/newsqr.com.mx\/index.php?rest_route=\/wp\/v2\/posts\/28305\/revisions\/28306"}],"wp:featuredmedia":[{"embeddable":true,"href":"https:\/\/newsqr.com.mx\/index.php?rest_route=\/wp\/v2\/media\/28307"}],"wp:attachment":[{"href":"https:\/\/newsqr.com.mx\/index.php?rest_route=%2Fwp%2Fv2%2Fmedia&parent=28305"}],"wp:term":[{"taxonomy":"category","embeddable":true,"href":"https:\/\/newsqr.com.mx\/index.php?rest_route=%2Fwp%2Fv2%2Fcategories&post=28305"},{"taxonomy":"post_tag","embeddable":true,"href":"https:\/\/newsqr.com.mx\/index.php?rest_route=%2Fwp%2Fv2%2Ftags&post=28305"}],"curies":[{"name":"wp","href":"https:\/\/api.w.org\/{rel}","templated":true}]}}