{"id":28322,"date":"2025-02-05T09:19:14","date_gmt":"2025-02-05T14:19:14","guid":{"rendered":"https:\/\/newsqr.com.mx\/?p=28322"},"modified":"2025-02-05T14:19:15","modified_gmt":"2025-02-05T14:19:15","slug":"monreal-respalda-despliegue-militar-en-la-frontera-norte-por-acuerdos-con-trump","status":"publish","type":"post","link":"https:\/\/newsqr.com.mx\/?p=28322","title":{"rendered":"Monreal respalda despliegue militar en la frontera norte por acuerdos con Trump"},"content":{"rendered":"<p>\ud83d\udd38 El legislador morenista calific\u00f3 de encomiable el logro de pausar un mes la imposici\u00f3n de aranceles a los productos mexicanos.<\/p>\n<p>#CDMX | El l\u00edder parlamentario de Morena en la C\u00e1mara de Diputados, Ricardo Monreal, respald\u00f3 la decisi\u00f3n presidencial de desplegar 10 mil elementos del Ej\u00e9rcito y la Guardia Nacional en la\u00a0frontera norte\u00a0para contener el tr\u00e1fico de drogas sint\u00e9ticas y la migraci\u00f3n hacia Estados Unidos.<\/p>\n<p>Neg\u00f3 asimismo que el desplazamiento de tropas represente un signo de debilidad de la presidenta Claudia Sheinbaum frente a su hom\u00f3logo norteamericano Donald Trump.<\/p>\n<p>\u201cEs una facultad que tiene la Presidenta de la Rep\u00fablica, y que la faculta la Constituci\u00f3n General de la Rep\u00fablica, de las leyes que nosotros hicimos. No hay que extra\u00f1arse, ella es la jefa de Estado es la jefa de gobierno, y nosotros respaldamos su decisi\u00f3n\u201d, puntualiz\u00f3.<\/p>\n<p>En entrevista, el tambi\u00e9n presidente de la Junta de Coordinaci\u00f3n Pol\u00edtica en el Palacio de San L\u00e1zaro calific\u00f3 de encomiable el logro de pausar un mes la imposici\u00f3n de aranceles a los productos mexicanos y celebr\u00f3 el cierre de filas de empresarios, universidades y otros sectores con Sheinbaum.<\/p>\n<p>\u201cLa unidad de todos fortalece a la presidenta y momentos como este, en donde nos vimos en preocupaci\u00f3n, todav\u00eda no est\u00e1 resuelto de fondo, pero creemos que la mejor f\u00f3rmula es estar unidos y estar siempre apoyando las mejores causas para el pa\u00eds\u201d, dijo.<\/p>\n<p>Previamente, en una publicaci\u00f3n en redes sociales, Ricardo Monreal afirm\u00f3 que la presidenta Claudia Sheinbaum \u201csuper\u00f3 la prueba\u201d y se dimension\u00f3 como la l\u00edder que necesita el pa\u00eds, al conseguir el diferimiento de los aranceles de 25 por ciento sobre las exportaciones de M\u00e9xico hacia Estados Unidos.<\/p>\n<p>\u201cLa presidenta Claudia Sheinbaum super\u00f3 la prueba. Lo hizo con cabeza fr\u00eda, paciencia y estrategia de ajedrez. Gan\u00f3 tiempo, pero en pol\u00edtica el tiempo es tambi\u00e9n espacio y dimensi\u00f3n\u201d, se\u00f1al\u00f3.<\/p>\n<p>Sostuvo adem\u00e1s que, con paciencia y visi\u00f3n, la mandataria logr\u00f3 la suspensi\u00f3n de aranceles regresivos y abri\u00f3 la oportunidad de fortalecer a Am\u00e9rica del Norte como la regi\u00f3n comercial m\u00e1s potente del mundo.<\/p>\n<p>\u201cLo alcanzado ayer la dimension\u00f3 como la l\u00edder que necesita el pa\u00eds. Para estos tiempos de incertidumbre y embestidas externas e internas se requiere el aplomo de una mujer as\u00ed, porque lo que se pretend\u00eda era un desprop\u00f3sito: aumentar aranceles a los productos de origen mexicano y canadiense que consumen los estadunidenses.<\/p>\n<p>\u201cIr en contra de los objetivos, anunciados por el T-MEC y tambi\u00e9n por el presidente Donald Trump, de reducir la inflaci\u00f3n, crear nuevos empleos y atraer m\u00e1s inversionistas a su pa\u00eds\u201d, remarc\u00f3.<\/p>\n<p>El legislador zacatecano reafirm\u00f3 que el Congreso de la Uni\u00f3n est\u00e1 preparado para continuar fortaleciendo a la Presidenta de M\u00e9xico e insisti\u00f3 en la necesidad de la unidad: \u201cNo es una cantaleta, no es una actitud ret\u00f3rica ni demag\u00f3gica. S\u00ed es importante que estemos unidos, porque la patria es primero\u201d.<\/p>\n","protected":false},"excerpt":{"rendered":"<p>\ud83d\udd38 El legislador morenista calific\u00f3 de encomiable el logro de pausar un mes la imposici\u00f3n&#8230;<\/p>\n","protected":false},"author":1,"featured_media":28324,"comment_status":"open","ping_status":"closed","sticky":false,"template":"","format":"standard","meta":{"footnotes":""},"categories":[25],"tags":[],"class_list":["post-28322","post","type-post","status-publish","format-standard","has-post-thumbnail","hentry","category-cdmx"],"_links":{"self":[{"href":"https:\/\/newsqr.com.mx\/index.php?rest_route=\/wp\/v2\/posts\/28322","targetHints":{"allow":["GET"]}}],"collection":[{"href":"https:\/\/newsqr.com.mx\/index.php?rest_route=\/wp\/v2\/posts"}],"about":[{"href":"https:\/\/newsqr.com.mx\/index.php?rest_route=\/wp\/v2\/types\/post"}],"author":[{"embeddable":true,"href":"https:\/\/newsqr.com.mx\/index.php?rest_route=\/wp\/v2\/users\/1"}],"replies":[{"embeddable":true,"href":"https:\/\/newsqr.com.mx\/index.php?rest_route=%2Fwp%2Fv2%2Fcomments&post=28322"}],"version-history":[{"count":1,"href":"https:\/\/newsqr.com.mx\/index.php?rest_route=\/wp\/v2\/posts\/28322\/revisions"}],"predecessor-version":[{"id":28323,"href":"https:\/\/newsqr.com.mx\/index.php?rest_route=\/wp\/v2\/posts\/28322\/revisions\/28323"}],"wp:featuredmedia":[{"embeddable":true,"href":"https:\/\/newsqr.com.mx\/index.php?rest_route=\/wp\/v2\/media\/28324"}],"wp:attachment":[{"href":"https:\/\/newsqr.com.mx\/index.php?rest_route=%2Fwp%2Fv2%2Fmedia&parent=28322"}],"wp:term":[{"taxonomy":"category","embeddable":true,"href":"https:\/\/newsqr.com.mx\/index.php?rest_route=%2Fwp%2Fv2%2Fcategories&post=28322"},{"taxonomy":"post_tag","embeddable":true,"href":"https:\/\/newsqr.com.mx\/index.php?rest_route=%2Fwp%2Fv2%2Ftags&post=28322"}],"curies":[{"name":"wp","href":"https:\/\/api.w.org\/{rel}","templated":true}]}}