{"id":28325,"date":"2025-02-05T09:20:44","date_gmt":"2025-02-05T14:20:44","guid":{"rendered":"https:\/\/newsqr.com.mx\/?p=28325"},"modified":"2025-02-05T14:20:46","modified_gmt":"2025-02-05T14:20:46","slug":"filtran-foto-de-fofo-marquez-en-penal-de-texcoco","status":"publish","type":"post","link":"https:\/\/newsqr.com.mx\/?p=28325","title":{"rendered":"Filtran foto de &#8216;Fofo&#8217; M\u00e1rquez en penal de Texcoco"},"content":{"rendered":"<p>\ud83d\udd38 El influencer cumplir\u00e1 su sentencia de 17 a\u00f1os y 6 meses en el Penal de Texcoco.<\/p>\n<p>#ESPECT\u00c1CULOS | El pol\u00e9mico influencer Rodolfo &#8216;Fofo&#8217; M\u00e1rquez contin\u00faa acaparando la atenci\u00f3n p\u00fablica tras su reciente traslado al penal de Texcoco, donde cumplir\u00e1 una condena de 17 a\u00f1os y seis meses por tentativa de f\u0113m\u00een\u00eec\u00eed\u00eeo.<\/p>\n<p>Luego de que se difundiera un video en el que se observaba a custodios de la prisi\u00f3n de Barrientos agredi\u00e9ndolo, las autoridades decidieron cambiarlo de centro penitenciario por seguridad.<\/p>\n<p>Ahora, una nueva imagen filtrada muestra el estado actual de &#8216;Fofo&#8217; M\u00e1rquez en su nuevo entorno carcelario, lo que ha generado todo tipo de reacciones en redes sociales.<\/p>\n<p>El pasado viernes 31 de enero, el influencer lleg\u00f3 al penal Molino de Flores en Texcoco en un convoy escoltado por las autoridades. De inmediato, fue recibido por un custodio de la Secretar\u00eda de Seguridad Estatal, quien le ley\u00f3 el reglamento interno del centro penitenciario.<\/p>\n<p>Seg\u00fan informaci\u00f3n del periodista Carlos Jim\u00e9nez, en este nuevo recinto, &#8216;Fofo&#8217; deber\u00e1 convivir con otros reclusos mientras cumple su condena.<\/p>\n<p>Adem\u00e1s, las autoridades han implementado un monitoreo constante de 24 horas para vigilar su seguridad, una medida que se espera contin\u00fae durante toda su estancia en prisi\u00f3n.<\/p>\n<p>La imagen filtrada de su primer d\u00eda en la nueva c\u00e1rcel muestra a &#8216;Fofo&#8217; M\u00e1rquez con un semblante visiblemente distinto al que sol\u00eda proyectar en sus redes sociales.<\/p>\n<p>Con una expresi\u00f3n seria y un uniforme de recluso, el influencer parece estar asimilando su nueva realidad.<\/p>\n<p>#Foto #FofoM\u00e1rquez #Penal #Texcoco<\/p>\n","protected":false},"excerpt":{"rendered":"<p>\ud83d\udd38 El influencer cumplir\u00e1 su sentencia de 17 a\u00f1os y 6 meses en el Penal&#8230;<\/p>\n","protected":false},"author":1,"featured_media":28327,"comment_status":"open","ping_status":"closed","sticky":false,"template":"","format":"standard","meta":{"footnotes":""},"categories":[3],"tags":[],"class_list":["post-28325","post","type-post","status-publish","format-standard","has-post-thumbnail","hentry","category-espectaculos"],"_links":{"self":[{"href":"https:\/\/newsqr.com.mx\/index.php?rest_route=\/wp\/v2\/posts\/28325","targetHints":{"allow":["GET"]}}],"collection":[{"href":"https:\/\/newsqr.com.mx\/index.php?rest_route=\/wp\/v2\/posts"}],"about":[{"href":"https:\/\/newsqr.com.mx\/index.php?rest_route=\/wp\/v2\/types\/post"}],"author":[{"embeddable":true,"href":"https:\/\/newsqr.com.mx\/index.php?rest_route=\/wp\/v2\/users\/1"}],"replies":[{"embeddable":true,"href":"https:\/\/newsqr.com.mx\/index.php?rest_route=%2Fwp%2Fv2%2Fcomments&post=28325"}],"version-history":[{"count":1,"href":"https:\/\/newsqr.com.mx\/index.php?rest_route=\/wp\/v2\/posts\/28325\/revisions"}],"predecessor-version":[{"id":28326,"href":"https:\/\/newsqr.com.mx\/index.php?rest_route=\/wp\/v2\/posts\/28325\/revisions\/28326"}],"wp:featuredmedia":[{"embeddable":true,"href":"https:\/\/newsqr.com.mx\/index.php?rest_route=\/wp\/v2\/media\/28327"}],"wp:attachment":[{"href":"https:\/\/newsqr.com.mx\/index.php?rest_route=%2Fwp%2Fv2%2Fmedia&parent=28325"}],"wp:term":[{"taxonomy":"category","embeddable":true,"href":"https:\/\/newsqr.com.mx\/index.php?rest_route=%2Fwp%2Fv2%2Fcategories&post=28325"},{"taxonomy":"post_tag","embeddable":true,"href":"https:\/\/newsqr.com.mx\/index.php?rest_route=%2Fwp%2Fv2%2Ftags&post=28325"}],"curies":[{"name":"wp","href":"https:\/\/api.w.org\/{rel}","templated":true}]}}