{"id":28380,"date":"2025-02-11T09:00:06","date_gmt":"2025-02-11T14:00:06","guid":{"rendered":"https:\/\/newsqr.com.mx\/?p=28380"},"modified":"2025-02-11T14:00:08","modified_gmt":"2025-02-11T14:00:08","slug":"pedro-fernandez-es-la-gira-mas-grande-de-mi-carrera","status":"publish","type":"post","link":"https:\/\/newsqr.com.mx\/?p=28380","title":{"rendered":"Pedro Fern\u00e1ndez: \u201cEs la gira m\u00e1s grande de mi carrera\u201d"},"content":{"rendered":"<p>\ud83d\udd38 El pasado 31 de enero, el cantante inici\u00f3 su Ave F\u00e9nix tour 2025; seguir\u00e1 todo el a\u00f1o. \u201cSoy un hombre muy feliz, agradecido con mi p\u00fablico\u201d, asegur\u00f3.<\/p>\n<p>#ESPECT\u00c1CULOS | Con 48 a\u00f1os de carrera art\u00edstica, Pedro Fern\u00e1ndez est\u00e1 emocionado por su nueva gira, Ave F\u00e9nix 2025, que hasta el momento incluye m\u00e1s de 35 fechas por M\u00e9xico, Estados Unidos y Latinoam\u00e9rica, con un espect\u00e1culo renovado.<\/p>\n<p>\u201cHe hecho grandes giras por muchos a\u00f1os a diferentes partes del mundo, que han sido espectaculares en su momento. Cumpliendo 48 a\u00f1os de carrera no pude haberme imaginado una mejor manera de celebrar; va a ser la gira m\u00e1s grande que voy a hacer, faltan fechas por confirmar, voy a presentarme todo el a\u00f1o y parte del 2026\u201d, dijo emocionado.<\/p>\n<p>El tour inici\u00f3 el pasado 31 de enero con tres fechas en Estados Unidos, de las cuales dos fueron sold out.<\/p>\n<p>\u201cVamos a reencontrarnos con ciudades que no he podido visitar en mucho tiempo porque a veces uno se enfoca en una zona; el tiempo me fue llevando por diferentes partes. Con esta gira estoy tratando de abarcar todo latinoam\u00e9rica\u201d, cont\u00f3.<\/p>\n<p>En el concierto tendr\u00e1 un recorrido por su carrera musical en la que no pueden faltar \u00e9xitos como \u201cYo no fui\u201d y \u201cMi forma de sentir\u201d; el setlist incluye tambi\u00e9n temas nuevos y un concepto diferente para este show.<\/p>\n<p>\u201cEl setlist va a estar variando, quiero que el p\u00fablico que vaya a M\u00e9rida vea un show y el que vaya a Puebla vea otro. Van a haber cosas muy similares porque hay una columna vertebral, pero hay canciones que van a entrar y salir. Quiero que la gente que nos acompa\u00f1e el 09 de mayo en la Arena Ciudad de M\u00e9xico vea un show distinto al que presentamos el a\u00f1o pasado\u201d, comparti\u00f3.<\/p>\n<p>En este concepto, el p\u00fablico va a ser parte del show, no s\u00f3lo un espectador. El nombre del tour surgi\u00f3 por esta necesidad de renovarse: \u201cSurgi\u00f3 cuando Alex me pregunt\u00f3 qu\u00e9 quer\u00eda hacer y le dije que hab\u00eda que renovarse porque el p\u00fablico tiene que ver otro show, c\u00f3mo un ave f\u00e9nix que se renueva, no que resurge o renace, eso es lo que necesitaba, renovarme con m\u00fasica fresca\u201d, puntualiz\u00f3.<\/p>\n<p>La producci\u00f3n para Ave F\u00e9nix 2025 tendr\u00e1 m\u00e1s m\u00fasicos acompa\u00f1ando al cantante, adem\u00e1s de efectos especiales, uso de tecnolog\u00eda y bailarinas, adem\u00e1s de invitados especiales.<\/p>\n<p>Las siguientes presentaciones son en M\u00e9rida el 14 de febrero, Puebla el 22 de febrero, Monterrey 2 de mayo, San Luis Potos\u00ed 3 de mayo, Ciudad de M\u00e9xico 09 de mayo, Pachuca 10 de mayo.<\/p>\n","protected":false},"excerpt":{"rendered":"<p>\ud83d\udd38 El pasado 31 de enero, el cantante inici\u00f3 su Ave F\u00e9nix tour 2025; seguir\u00e1&#8230;<\/p>\n","protected":false},"author":1,"featured_media":28382,"comment_status":"open","ping_status":"closed","sticky":false,"template":"","format":"standard","meta":{"footnotes":""},"categories":[3],"tags":[],"class_list":["post-28380","post","type-post","status-publish","format-standard","has-post-thumbnail","hentry","category-espectaculos"],"_links":{"self":[{"href":"https:\/\/newsqr.com.mx\/index.php?rest_route=\/wp\/v2\/posts\/28380","targetHints":{"allow":["GET"]}}],"collection":[{"href":"https:\/\/newsqr.com.mx\/index.php?rest_route=\/wp\/v2\/posts"}],"about":[{"href":"https:\/\/newsqr.com.mx\/index.php?rest_route=\/wp\/v2\/types\/post"}],"author":[{"embeddable":true,"href":"https:\/\/newsqr.com.mx\/index.php?rest_route=\/wp\/v2\/users\/1"}],"replies":[{"embeddable":true,"href":"https:\/\/newsqr.com.mx\/index.php?rest_route=%2Fwp%2Fv2%2Fcomments&post=28380"}],"version-history":[{"count":1,"href":"https:\/\/newsqr.com.mx\/index.php?rest_route=\/wp\/v2\/posts\/28380\/revisions"}],"predecessor-version":[{"id":28381,"href":"https:\/\/newsqr.com.mx\/index.php?rest_route=\/wp\/v2\/posts\/28380\/revisions\/28381"}],"wp:featuredmedia":[{"embeddable":true,"href":"https:\/\/newsqr.com.mx\/index.php?rest_route=\/wp\/v2\/media\/28382"}],"wp:attachment":[{"href":"https:\/\/newsqr.com.mx\/index.php?rest_route=%2Fwp%2Fv2%2Fmedia&parent=28380"}],"wp:term":[{"taxonomy":"category","embeddable":true,"href":"https:\/\/newsqr.com.mx\/index.php?rest_route=%2Fwp%2Fv2%2Fcategories&post=28380"},{"taxonomy":"post_tag","embeddable":true,"href":"https:\/\/newsqr.com.mx\/index.php?rest_route=%2Fwp%2Fv2%2Ftags&post=28380"}],"curies":[{"name":"wp","href":"https:\/\/api.w.org\/{rel}","templated":true}]}}