{"id":28397,"date":"2025-02-12T09:47:26","date_gmt":"2025-02-12T14:47:26","guid":{"rendered":"https:\/\/newsqr.com.mx\/?p=28397"},"modified":"2025-02-12T14:47:27","modified_gmt":"2025-02-12T14:47:27","slug":"avion-de-pasajeros-choca-contra-vehiculo-antes-de-despegar-fiscal-que-iba-a-bordo-graba-el-momento","status":"publish","type":"post","link":"https:\/\/newsqr.com.mx\/?p=28397","title":{"rendered":"Avi\u00f3n de pasajeros choca contra veh\u00edculo antes de despegar; fiscal que iba a bordo graba el momento"},"content":{"rendered":"<p>\ud83d\udd38 El incidente ocurri\u00f3 la noche del martes cuando el avi\u00f3n choc\u00f3 contra un veh\u00edculo de mantenimiento del aeropuerto que se encontraba en la pista.<\/p>\n<p>#R\u00cdODEJANEIRO | Un avi\u00f3n Boeing 737 Max\u00a0propiedad de la aerol\u00ednea Gol que estaba a punto de despegar del aeropuerto\u00a0internacional de Gale\u00e3o en R\u00edo de Janeiro con destino a Fortaleza, choc\u00f3 contra un veh\u00edculo de asistencia que se encontraba en la pista.<\/p>\n<p>El accidente oblig\u00f3 al piloto a abortar el despegue y los\u00a0pasajeros del vuelo 1674 tuvieron que desalojar el avi\u00f3n mientras a\u00fan estaba en la pista. El susto qued\u00f3 grabado en video gracias a un fiscal que iba a bordo y que tom\u00f3 su celular para capturar el momento que vivi\u00f3 a bordo de la aeronave.<\/p>\n<p>\u00c1tilla de Oliveira, el procurador del estado de Cear\u00e1, se encontraba a bordo del vuelo quien estaba grabando el despegue cuando escuch\u00f3 un ruido y el avi\u00f3n comenz\u00f3 a sacudirse.<\/p>\n<p>\u00abEl vuelo no estaba tan lleno. Se escuch\u00f3 un ruido fuerte y un golpe, y el piloto inmediatamente comenz\u00f3 a frenar el avi\u00f3n. Pensamos que el motor hab\u00eda explotado, que se hab\u00eda pinchado la rueda, algo as\u00ed\u00bb, describi\u00f3 De Oliveira.<\/p>\n<p>El fiscal detall\u00f3 en una publicaci\u00f3n en su cuenta de X, que tras el incidente, los bomberos acudieron al lugar para echarle agua al avi\u00f3n y les informaron que hab\u00eda ocurrido una colisi\u00f3n de la aeronave con un veh\u00edculo que se encontraba en la pista.<\/p>\n<p>\u00abVino un equipo de bomberos, ech\u00f3 agua al avi\u00f3n y nos informaron que hab\u00eda habido una colisi\u00f3n con un veh\u00edculo que estaba en la pista. Despu\u00e9s de bajar del avi\u00f3n no pudimos ver ning\u00fan da\u00f1o\u00bb.<\/p>\n<p>El fiscal comparti\u00f3 en la misma publicaci\u00f3n que al momento del accidente, pudo notar que las personas se encontraban aterrorizadas, aunque al ver que no hab\u00eda pasado nada grave, las cosas se calmaron pues \u00abestaban vivos\u00bb.<\/p>\n<p>\u00abAl principio la gente estaba aterrorizada. Despu\u00e9s todos dieron gracias a Dios porque no hab\u00eda pasado nada grave y estaban vivos\u00bb, relat\u00f3 y finaliz\u00f3 el procurador del estado de Cear\u00e1.<\/p>\n<p>Por su parte, el Centro de Investigaci\u00f3n y Prevenci\u00f3n de Accidentes Aeron\u00e1uticos (Cenipa) dio a conocer que se realizar\u00e1 una investigaci\u00f3n para poder conocer las razones que originaron el accidente, adem\u00e1s destacaron la r\u00e1pida reacci\u00f3n de la tripulaci\u00f3n.<\/p>\n<p>\u201cEn la acci\u00f3n inicial se utilizan t\u00e9cnicas espec\u00edficas, conducidas por personal calificado y acreditado que recoge y confirma datos, preserva los elementos, realiza la verificaci\u00f3n inicial de da\u00f1os causados a la aeronave, o por la aeronave, y re\u00fane otra informaci\u00f3n necesaria para la investigaci\u00f3n\u201d, dieron a conocer en un comunicado.<\/p>\n","protected":false},"excerpt":{"rendered":"<p>\ud83d\udd38 El incidente ocurri\u00f3 la noche del martes cuando el avi\u00f3n choc\u00f3 contra un veh\u00edculo&#8230;<\/p>\n","protected":false},"author":1,"featured_media":28399,"comment_status":"open","ping_status":"closed","sticky":false,"template":"","format":"standard","meta":{"footnotes":""},"categories":[6],"tags":[],"class_list":["post-28397","post","type-post","status-publish","format-standard","has-post-thumbnail","hentry","category-internacional"],"_links":{"self":[{"href":"https:\/\/newsqr.com.mx\/index.php?rest_route=\/wp\/v2\/posts\/28397","targetHints":{"allow":["GET"]}}],"collection":[{"href":"https:\/\/newsqr.com.mx\/index.php?rest_route=\/wp\/v2\/posts"}],"about":[{"href":"https:\/\/newsqr.com.mx\/index.php?rest_route=\/wp\/v2\/types\/post"}],"author":[{"embeddable":true,"href":"https:\/\/newsqr.com.mx\/index.php?rest_route=\/wp\/v2\/users\/1"}],"replies":[{"embeddable":true,"href":"https:\/\/newsqr.com.mx\/index.php?rest_route=%2Fwp%2Fv2%2Fcomments&post=28397"}],"version-history":[{"count":1,"href":"https:\/\/newsqr.com.mx\/index.php?rest_route=\/wp\/v2\/posts\/28397\/revisions"}],"predecessor-version":[{"id":28398,"href":"https:\/\/newsqr.com.mx\/index.php?rest_route=\/wp\/v2\/posts\/28397\/revisions\/28398"}],"wp:featuredmedia":[{"embeddable":true,"href":"https:\/\/newsqr.com.mx\/index.php?rest_route=\/wp\/v2\/media\/28399"}],"wp:attachment":[{"href":"https:\/\/newsqr.com.mx\/index.php?rest_route=%2Fwp%2Fv2%2Fmedia&parent=28397"}],"wp:term":[{"taxonomy":"category","embeddable":true,"href":"https:\/\/newsqr.com.mx\/index.php?rest_route=%2Fwp%2Fv2%2Fcategories&post=28397"},{"taxonomy":"post_tag","embeddable":true,"href":"https:\/\/newsqr.com.mx\/index.php?rest_route=%2Fwp%2Fv2%2Ftags&post=28397"}],"curies":[{"name":"wp","href":"https:\/\/api.w.org\/{rel}","templated":true}]}}