{"id":28753,"date":"2025-02-28T10:18:51","date_gmt":"2025-02-28T15:18:51","guid":{"rendered":"https:\/\/newsqr.com.mx\/?p=28753"},"modified":"2025-02-28T15:18:53","modified_gmt":"2025-02-28T15:18:53","slug":"felipe-calderon-reacciona-a-la-extradicion-de-caro-quintero-a-eu-solo-falta-que-eu-les-de-trato-privilegiado","status":"publish","type":"post","link":"https:\/\/newsqr.com.mx\/?p=28753","title":{"rendered":"Felipe Calder\u00f3n reacciona a la extradici\u00f3n de Caro Quintero a EU: \u00abs\u00f3lo falta que EU les d\u00e9 trato privilegiado\u00bb"},"content":{"rendered":"<p>\ud83d\udd38 El expresidente de M\u00e9xico, Felipe Calder\u00f3n, elogi\u00f3 al gobierno de Claudia Sheinbaum por la extradici\u00f3n de 29 narcotraficantes, incluyendo a Rafael Caro Quintero<\/p>\n<p>#INTERNACIONAL | El expresidente Felipe Calder\u00f3n se pronunci\u00f3 sobre la extradici\u00f3n de 29 narcotraficantes mexicanos a Estados Unidos, incluyendo a Rafael Caro Quintero y l\u00edderes de Los Zetas. Aunque valor\u00f3 la acci\u00f3n del gobierno de Claudia Sheinbaum, expres\u00f3 su preocupaci\u00f3n por el trato que estos criminales podr\u00edan recibir en el sistema judicial estadounidense.<\/p>\n<p>A trav\u00e9s de su cuenta en X, Calder\u00f3n indic\u00f3 que, a pesar de que la acci\u00f3n se haya llevado a cabo \u00abbajo presi\u00f3n\u00bb, es necesario reconocer esta medida en contra de los criminales de alto nivel.<\/p>\n<p>\u201cAunque haya sido bajo la presi\u00f3n del gobierno de @DonaldTrump, hay que reconocer la acci\u00f3n del gobierno de extraditar a Rafael Caro Quintero, y a los hermanos Trevi\u00f1o, los muy violentos l\u00edderes de los Zetas, el z-40 y el Z-42. S\u00f3lo falta que, como acostumbra la justicia americana, les reduzca la sentencias y les d\u00e9 trato privilegiado, convirti\u00e9ndolos de victimarios en h\u00e9roes. Ojal\u00e1 no ocurra como ha pasado recientemente\u201d.<\/p>\n<p>Esta ma\u00f1ana, la Fiscal\u00eda General de la Rep\u00fablica (FGR) inform\u00f3 sobre la extradici\u00f3n a Estados Unidos de 29 personas detenidas en M\u00e9xico, vinculadas a organizaciones criminales y al tr\u00e1fico de drogas. Entre ellos se encuentra Rafael Caro Quintero, cofundador del C\u00e1rtel de Guadalajara, quien enfrenta cargos en tres cortes federales de EE. UU. por el secuestro, tortura y asesinato del agente de la DEA Enrique \u201cKiki\u201d Camarena, as\u00ed como por narcotr\u00e1fico y crimen organizado.<\/p>\n<p>&nbsp;<\/p>\n","protected":false},"excerpt":{"rendered":"<p>\ud83d\udd38 El expresidente de M\u00e9xico, Felipe Calder\u00f3n, elogi\u00f3 al gobierno de Claudia Sheinbaum por la&#8230;<\/p>\n","protected":false},"author":1,"featured_media":28755,"comment_status":"open","ping_status":"closed","sticky":false,"template":"","format":"standard","meta":{"footnotes":""},"categories":[6],"tags":[],"class_list":["post-28753","post","type-post","status-publish","format-standard","has-post-thumbnail","hentry","category-internacional"],"_links":{"self":[{"href":"https:\/\/newsqr.com.mx\/index.php?rest_route=\/wp\/v2\/posts\/28753","targetHints":{"allow":["GET"]}}],"collection":[{"href":"https:\/\/newsqr.com.mx\/index.php?rest_route=\/wp\/v2\/posts"}],"about":[{"href":"https:\/\/newsqr.com.mx\/index.php?rest_route=\/wp\/v2\/types\/post"}],"author":[{"embeddable":true,"href":"https:\/\/newsqr.com.mx\/index.php?rest_route=\/wp\/v2\/users\/1"}],"replies":[{"embeddable":true,"href":"https:\/\/newsqr.com.mx\/index.php?rest_route=%2Fwp%2Fv2%2Fcomments&post=28753"}],"version-history":[{"count":1,"href":"https:\/\/newsqr.com.mx\/index.php?rest_route=\/wp\/v2\/posts\/28753\/revisions"}],"predecessor-version":[{"id":28754,"href":"https:\/\/newsqr.com.mx\/index.php?rest_route=\/wp\/v2\/posts\/28753\/revisions\/28754"}],"wp:featuredmedia":[{"embeddable":true,"href":"https:\/\/newsqr.com.mx\/index.php?rest_route=\/wp\/v2\/media\/28755"}],"wp:attachment":[{"href":"https:\/\/newsqr.com.mx\/index.php?rest_route=%2Fwp%2Fv2%2Fmedia&parent=28753"}],"wp:term":[{"taxonomy":"category","embeddable":true,"href":"https:\/\/newsqr.com.mx\/index.php?rest_route=%2Fwp%2Fv2%2Fcategories&post=28753"},{"taxonomy":"post_tag","embeddable":true,"href":"https:\/\/newsqr.com.mx\/index.php?rest_route=%2Fwp%2Fv2%2Ftags&post=28753"}],"curies":[{"name":"wp","href":"https:\/\/api.w.org\/{rel}","templated":true}]}}