{"id":28803,"date":"2025-03-04T10:16:54","date_gmt":"2025-03-04T15:16:54","guid":{"rendered":"https:\/\/newsqr.com.mx\/?p=28803"},"modified":"2025-03-04T15:16:55","modified_gmt":"2025-03-04T15:16:55","slug":"reportan-aumento-de-tos-ferina-en-mexico","status":"publish","type":"post","link":"https:\/\/newsqr.com.mx\/?p=28803","title":{"rendered":"Reportan aumento de tos ferina en M\u00e9xico"},"content":{"rendered":"<p>\ud83d\udd38 Esta enfermedad pone en riesgo principalmente a menores, adultos mayores y personas con comorbilidad<\/p>\n<p>#NACIONAL | Mucha atenci\u00f3n porque autoridades reportan el aumento de casos de tos ferina en M\u00e9xico, por lo que a continuaci\u00f3n te diremos cu\u00e1les son los s\u00edntomas, el tratamiento, las consecuencias, el grupo de personas que corre m\u00e1s riesgo, as\u00ed como los estados de la Rep\u00fablica en donde hay m\u00e1s casos.<\/p>\n<p>&nbsp;<\/p>\n<p>Empecemos diciendo que la tos ferina se define como una infecci\u00f3n respiratoria altamente contagiosa causada por la bacteria Bordetella pertussis. Se caracteriza por una tos violenta y persistente que puede dificultar la respiraci\u00f3n y causar sonidos agudos al inhalar, es decir el cl\u00e1sico \u00abgallo\u00bb.<\/p>\n<p>El contagio de la tos ferina se da mediante el contacto directo con las personas al momento de estornudar o de platicar desde cerca.<\/p>\n<p>&nbsp;<\/p>\n<p>S\u00edntomas de la tos ferina<\/p>\n<p>Goteo o congesti\u00f3n nasal.<\/p>\n<p>Estornudos.<\/p>\n<p>Tos ligera.<\/p>\n<p>&nbsp;<\/p>\n<p>Si bien esos s\u00edntomas podr\u00edan ser los mismos de cualquier otra enfermedad de las v\u00edas respiratorias, se puede sospechar que se trata de tos ferina cuando se suma la presencia de las siguientes condiciones:<\/p>\n<p>&nbsp;<\/p>\n<p>Pausa en la respiraci\u00f3n en los beb\u00e9s (apnea).<\/p>\n<p>Despu\u00e9s de 1 o 2 semanas, empieza la tos severa.<\/p>\n<p>Los ni\u00f1os y los beb\u00e9s pueden tener una tos muy fuerte e incontrolable.<\/p>\n<p>Fiebre.<\/p>\n<p>Dificultad para respirar.<\/p>\n<p>&nbsp;<\/p>\n<p>Consecuencias de la tos ferina<\/p>\n<p>Una tos ferina no atendida correctamente podr\u00eda complicarse y provocar otros males m\u00e1s severos, e incluso hasta la muerte.<\/p>\n<p>&nbsp;<\/p>\n<p>Neumon\u00eda.<\/p>\n<p>Convulsiones.<\/p>\n<p>Trastorno convulsivo (permanente).<\/p>\n<p>Hemorragia nasal.<\/p>\n<p>Infecciones del o\u00eddo.<\/p>\n<p>Da\u00f1o cerebral por falta de ox\u00edgeno.<\/p>\n<p>Sangrado en el cerebro (hemorragia cerebral).<\/p>\n<p>Discapacidad intelectual.<\/p>\n<p>Detenci\u00f3n de la respiraci\u00f3n o respiraci\u00f3n lenta (apnea).<\/p>\n<p>Muerte.<\/p>\n<p>Grupos sociales m\u00e1s afectados por la tos ferina<\/p>\n<p>Adolescentes y adultos que enferman de tos ferina suelen superarla despu\u00e9s de 10 d\u00edas o dos semanas, con el tratamiento m\u00e9dico adecuado. Por otro lado, los beb\u00e9s, ni\u00f1os y adultos mayores, as\u00ed como personas con enfermedades cr\u00f3nicas, son los que m\u00e1s riesgo corren con la tos ferina, al tener un menor cantidad de defensas.<\/p>\n<p>&nbsp;<\/p>\n<p>Estados con mayores casos de tos ferina<\/p>\n<p>De acuerdo a las autoridades, en M\u00e9xico los casos de tos ferina han aumentado, acumulando en lo que va del a\u00f1o 120, una cifra que se proyecta podr\u00eda crecer exponencialmente para superar los 463 casos que hubo en 2024.<\/p>\n<p>&nbsp;<\/p>\n<p>El temor es que se alcancen o superen los niveles de 2016 a 2019, cuando en promedio hubo 900 casos de tos ferina en M\u00e9xico.<\/p>\n<p>Casos confirmados de tos ferina en M\u00e9xico durante 2025<\/p>\n<p>&nbsp;<\/p>\n<p>Nuevo Le\u00f3n: 24<\/p>\n<p>CDMX: 13<\/p>\n<p>Aguascalientes: 11<\/p>\n<p>Oaxaca: 10<\/p>\n<p>Edomex: 8<\/p>\n<p>Chihuahua: 7<\/p>\n<p>Hidalgo: 6<\/p>\n<p>Campeche: 6<\/p>\n<p>Coahuila: 6<\/p>\n<p>Quer\u00e9taro: 5<\/p>\n<p>Morelos: 3<\/p>\n<p>Tamaulipas: 3<\/p>\n<p>Guanajuato: 3<\/p>\n<p>Jalisco: 3<\/p>\n<p>Durango: 2<\/p>\n<p>Yucat\u00e1n:<\/p>\n<p>San Luis Potos\u00ed: 2<\/p>\n<p>Baja California: 2<\/p>\n<p>Veracruz: 2<\/p>\n<p>Guerrero: 1<\/p>\n<p>Sonora: 1.<\/p>\n<p>&nbsp;<\/p>\n","protected":false},"excerpt":{"rendered":"<p>\ud83d\udd38 Esta enfermedad pone en riesgo principalmente a menores, adultos mayores y personas con comorbilidad&#8230;<\/p>\n","protected":false},"author":1,"featured_media":28805,"comment_status":"open","ping_status":"closed","sticky":false,"template":"","format":"standard","meta":{"footnotes":""},"categories":[2],"tags":[],"class_list":["post-28803","post","type-post","status-publish","format-standard","has-post-thumbnail","hentry","category-nacional"],"_links":{"self":[{"href":"https:\/\/newsqr.com.mx\/index.php?rest_route=\/wp\/v2\/posts\/28803","targetHints":{"allow":["GET"]}}],"collection":[{"href":"https:\/\/newsqr.com.mx\/index.php?rest_route=\/wp\/v2\/posts"}],"about":[{"href":"https:\/\/newsqr.com.mx\/index.php?rest_route=\/wp\/v2\/types\/post"}],"author":[{"embeddable":true,"href":"https:\/\/newsqr.com.mx\/index.php?rest_route=\/wp\/v2\/users\/1"}],"replies":[{"embeddable":true,"href":"https:\/\/newsqr.com.mx\/index.php?rest_route=%2Fwp%2Fv2%2Fcomments&post=28803"}],"version-history":[{"count":1,"href":"https:\/\/newsqr.com.mx\/index.php?rest_route=\/wp\/v2\/posts\/28803\/revisions"}],"predecessor-version":[{"id":28804,"href":"https:\/\/newsqr.com.mx\/index.php?rest_route=\/wp\/v2\/posts\/28803\/revisions\/28804"}],"wp:featuredmedia":[{"embeddable":true,"href":"https:\/\/newsqr.com.mx\/index.php?rest_route=\/wp\/v2\/media\/28805"}],"wp:attachment":[{"href":"https:\/\/newsqr.com.mx\/index.php?rest_route=%2Fwp%2Fv2%2Fmedia&parent=28803"}],"wp:term":[{"taxonomy":"category","embeddable":true,"href":"https:\/\/newsqr.com.mx\/index.php?rest_route=%2Fwp%2Fv2%2Fcategories&post=28803"},{"taxonomy":"post_tag","embeddable":true,"href":"https:\/\/newsqr.com.mx\/index.php?rest_route=%2Fwp%2Fv2%2Ftags&post=28803"}],"curies":[{"name":"wp","href":"https:\/\/api.w.org\/{rel}","templated":true}]}}