{"id":28835,"date":"2025-03-05T10:34:06","date_gmt":"2025-03-05T15:34:06","guid":{"rendered":"https:\/\/newsqr.com.mx\/?p=28835"},"modified":"2025-03-05T15:34:08","modified_gmt":"2025-03-05T15:34:08","slug":"ricardo-monreal-asegura-que-no-habra-albazo-legislativo-en-la-ley-del-issste","status":"publish","type":"post","link":"https:\/\/newsqr.com.mx\/?p=28835","title":{"rendered":"Ricardo Monreal asegura que no habr\u00e1 \u00abalbazo\u00bb legislativo en la Ley del ISSSTE"},"content":{"rendered":"<p>\ud83d\udd38 El presidente de la Jucopo en la C\u00e1mara de Diputados subraya que la iniciativa quedar\u00e1 pendiente hasta alcanzar acuerdos con los maestros.<\/p>\n<p>#CDMX | Ricardo Monreal, presidente de la Junta de Coordinaci\u00f3n Pol\u00edtica (Jucopo) en la C\u00e1mara de Diputados, garantiz\u00f3 que no habr\u00e1 una aprobaci\u00f3n apresurada o \u201calbazo legislativo\u201d de la Ley del ISSSTE propuesta por la presidenta Claudia Sheinbaum. Durante una conferencia, el legislador morenista destac\u00f3 que la reforma no ser\u00e1 aprobada sin antes llegar a un acuerdo con los maestros, quienes ser\u00e1n consultados al respecto.<\/p>\n<p>Monreal reiter\u00f3 que el compromiso del gobierno es no avanzar con la reforma hasta que exista un consenso con las instituciones p\u00fablicas del Ejecutivo y, especialmente, con los docentes. \u201cNo vamos a precipitar, no habr\u00e1 albazos legislativos, ni habr\u00e1 premura en su aprobaci\u00f3n sin que est\u00e9n enterados los maestros\u201d, afirm\u00f3.<\/p>\n<p>Adem\u00e1s, el diputado detall\u00f3 que el d\u00eda de ma\u00f1ana se discutir\u00e1 en el Congreso la reforma sobre la ley de no reelecci\u00f3n y nepotismo electoral. Tambi\u00e9n mencion\u00f3 que la minuta sobre soberan\u00eda nacional se discutir\u00e1 la pr\u00f3xima semana, luego de haber sido aprobada por la C\u00e1mara Alta.<\/p>\n<p>En cuanto a otros temas legislativos, Monreal puntualiz\u00f3 que las comisiones dictaminadoras siguen revisando dos leyes en materia de seguridad p\u00fablica. Adem\u00e1s, anunci\u00f3 que el Senado aprobar\u00e1 la reforma en materia de soberan\u00eda la pr\u00f3xima semana, sin apresurarse en su discusi\u00f3n.<\/p>\n","protected":false},"excerpt":{"rendered":"<p>\ud83d\udd38 El presidente de la Jucopo en la C\u00e1mara de Diputados subraya que la iniciativa&#8230;<\/p>\n","protected":false},"author":1,"featured_media":28837,"comment_status":"open","ping_status":"closed","sticky":false,"template":"","format":"standard","meta":{"footnotes":""},"categories":[25],"tags":[],"class_list":["post-28835","post","type-post","status-publish","format-standard","has-post-thumbnail","hentry","category-cdmx"],"_links":{"self":[{"href":"https:\/\/newsqr.com.mx\/index.php?rest_route=\/wp\/v2\/posts\/28835","targetHints":{"allow":["GET"]}}],"collection":[{"href":"https:\/\/newsqr.com.mx\/index.php?rest_route=\/wp\/v2\/posts"}],"about":[{"href":"https:\/\/newsqr.com.mx\/index.php?rest_route=\/wp\/v2\/types\/post"}],"author":[{"embeddable":true,"href":"https:\/\/newsqr.com.mx\/index.php?rest_route=\/wp\/v2\/users\/1"}],"replies":[{"embeddable":true,"href":"https:\/\/newsqr.com.mx\/index.php?rest_route=%2Fwp%2Fv2%2Fcomments&post=28835"}],"version-history":[{"count":1,"href":"https:\/\/newsqr.com.mx\/index.php?rest_route=\/wp\/v2\/posts\/28835\/revisions"}],"predecessor-version":[{"id":28836,"href":"https:\/\/newsqr.com.mx\/index.php?rest_route=\/wp\/v2\/posts\/28835\/revisions\/28836"}],"wp:featuredmedia":[{"embeddable":true,"href":"https:\/\/newsqr.com.mx\/index.php?rest_route=\/wp\/v2\/media\/28837"}],"wp:attachment":[{"href":"https:\/\/newsqr.com.mx\/index.php?rest_route=%2Fwp%2Fv2%2Fmedia&parent=28835"}],"wp:term":[{"taxonomy":"category","embeddable":true,"href":"https:\/\/newsqr.com.mx\/index.php?rest_route=%2Fwp%2Fv2%2Fcategories&post=28835"},{"taxonomy":"post_tag","embeddable":true,"href":"https:\/\/newsqr.com.mx\/index.php?rest_route=%2Fwp%2Fv2%2Ftags&post=28835"}],"curies":[{"name":"wp","href":"https:\/\/api.w.org\/{rel}","templated":true}]}}