{"id":42622,"date":"2026-04-28T11:00:46","date_gmt":"2026-04-28T16:00:46","guid":{"rendered":"https:\/\/newsqr.com.mx\/?p=42622"},"modified":"2026-04-28T16:27:07","modified_gmt":"2026-04-28T16:27:07","slug":"taylor-swift-solicita-registro-de-su-voz-e-imagen-como-marca","status":"publish","type":"post","link":"https:\/\/newsqr.com.mx\/?p=42622","title":{"rendered":"Taylor Swift solicita registro de su voz e imagen como marca"},"content":{"rendered":"<p>\ud83d\udd38 La imagen de la cantante ha sido utilizada sin su consentimiento en distintos contenidos falsos creados con inteligencia artificial<\/p>\n<p>&nbsp;<\/p>\n<p>#ESPECT\u00c1CULOS | La cantante Taylor Swift present\u00f3 solicitudes de registro de marca para blindar su voz e imagen y as\u00ed protegerse de las amenazas que plantea la inteligencia artificial (IA), inform\u00f3 el despacho de abogados Gerben IP.<\/p>\n<p>Los documentos fueron presentados en nombre de TAS Rights Management el 24 de abril y suponen \u201cun cambio m\u00e1s amplio en la forma en que las celebridades est\u00e1n aplicando la ley de marcas para luchar contra la IA\u201d, de acuerdo con una publicaci\u00f3n escrita por el abogado especializado en propiedad intelectual Josh Gerben.<\/p>\n<p>Entre las solicitudes de la cantante, dos corresponden a marcas sonoras que cubren su voz: \u201cHey, it\u2019s Taylor Swift\u201d y \u201cHey, it\u2019s Taylor\u201d<\/p>\n<p>La tercera es una marca visual que abarca \u201cuna fotograf\u00eda de Taylor Swift sosteniendo una guitarra rosa con una correa negra, mientras viste un body iridiscente multicolor y botas plateadas\u201d, un atuendo que est\u00e1 relacionado con sus actuaciones durante \u2018The Eras Tour\u2019.<\/p>\n<p>De acuerdo con el abogado, la medida de Taylor Swift puede proporcionar una capa adicional de protecci\u00f3n a la que ofrecen las leyes vigentes sobre el \u201cDerecho a la propia imagen\u201d contra el uso no autorizado de la imagen de una persona famosa.<\/p>\n<p>\u201cAl registrar frases espec\u00edficas vinculadas a su voz, Swift podr\u00eda impugnar no solo las reproducciones id\u00e9nticas, sino tambi\u00e9n las imitaciones que sean \u2018confusamente similares\u2019, un criterio clave en la legislaci\u00f3n sobre marcas registradas\u201d, explica el escrito de Gerben.<\/p>\n<p>Sobre la presentaci\u00f3n de demandas basada en im\u00e1genes, el abogado detall\u00f3 que \u201cal proteger un elemento visual distintivo, como el mono (prenda de vestir de una pieza) que Swift suele usar y su pose, el equipo de Swift puede obtener argumentos adicionales para presentar demandas contra im\u00e1genes manipuladas o generadas por IA que evoquen su imagen\u201d.<\/p>\n<p>La imagen de Taylor Swift ha sido utilizada sin su consentimiento en distintos contenidos falsos creados con inteligencia artificial, que incluyen im\u00e1genes pornogr\u00e1ficas que circularon en internet.<\/p>\n<p>Incluso antes de las elecciones presidenciales de EE.UU. de 2024, Donald Trump comparti\u00f3 im\u00e1genes creadas con IA que daban a entender, de forma enga\u00f1osa, que Swift lo apoyaba.<\/p>\n<p>Swift se suma en esta medida al actor Matthew McConaughey, quien registr\u00f3 marcas similares en los \u00faltimos meses para proteger su voz e imagen. En 2025, la Oficina de Patentes y Marcas de Estados Unidos concedi\u00f3 ocho marcas registradas al actor. EFE<\/p>\n","protected":false},"excerpt":{"rendered":"<p>\ud83d\udd38 La imagen de la cantante ha sido utilizada sin su consentimiento en distintos contenidos&#8230;<\/p>\n","protected":false},"author":1,"featured_media":42624,"comment_status":"open","ping_status":"closed","sticky":false,"template":"","format":"standard","meta":{"footnotes":""},"categories":[1],"tags":[],"class_list":["post-42622","post","type-post","status-publish","format-standard","has-post-thumbnail","hentry","category-uncategorized"],"_links":{"self":[{"href":"https:\/\/newsqr.com.mx\/index.php?rest_route=\/wp\/v2\/posts\/42622","targetHints":{"allow":["GET"]}}],"collection":[{"href":"https:\/\/newsqr.com.mx\/index.php?rest_route=\/wp\/v2\/posts"}],"about":[{"href":"https:\/\/newsqr.com.mx\/index.php?rest_route=\/wp\/v2\/types\/post"}],"author":[{"embeddable":true,"href":"https:\/\/newsqr.com.mx\/index.php?rest_route=\/wp\/v2\/users\/1"}],"replies":[{"embeddable":true,"href":"https:\/\/newsqr.com.mx\/index.php?rest_route=%2Fwp%2Fv2%2Fcomments&post=42622"}],"version-history":[{"count":1,"href":"https:\/\/newsqr.com.mx\/index.php?rest_route=\/wp\/v2\/posts\/42622\/revisions"}],"predecessor-version":[{"id":42623,"href":"https:\/\/newsqr.com.mx\/index.php?rest_route=\/wp\/v2\/posts\/42622\/revisions\/42623"}],"wp:featuredmedia":[{"embeddable":true,"href":"https:\/\/newsqr.com.mx\/index.php?rest_route=\/wp\/v2\/media\/42624"}],"wp:attachment":[{"href":"https:\/\/newsqr.com.mx\/index.php?rest_route=%2Fwp%2Fv2%2Fmedia&parent=42622"}],"wp:term":[{"taxonomy":"category","embeddable":true,"href":"https:\/\/newsqr.com.mx\/index.php?rest_route=%2Fwp%2Fv2%2Fcategories&post=42622"},{"taxonomy":"post_tag","embeddable":true,"href":"https:\/\/newsqr.com.mx\/index.php?rest_route=%2Fwp%2Fv2%2Ftags&post=42622"}],"curies":[{"name":"wp","href":"https:\/\/api.w.org\/{rel}","templated":true}]}}