{"id":46484,"date":"2026-09-03T16:00:51","date_gmt":"2026-09-03T21:00:51","guid":{"rendered":"https:\/\/newsqr.com.mx\/?p=46484"},"modified":"2026-09-03T13:03:17","modified_gmt":"2026-09-03T18:03:17","slug":"la-artesania-iberoamericana-conquista-el-zocalo-de-puebla","status":"publish","type":"post","link":"https:\/\/newsqr.com.mx\/?p=46484","title":{"rendered":"La artesan\u00eda iberoamericana conquista el Z\u00f3calo de Puebla"},"content":{"rendered":"<p>\ud83d\udd38 Artesanas y artesanos de toda la regi\u00f3n compartieron sus t\u00e9cnicas, materiales y saberes tradicionales en la II Cumbre Iberoamericana de Artesan\u00edas, un encuentro que combin\u00f3 exhibici\u00f3n, formaci\u00f3n e intercambio entre diversas comunidades.<\/p>\n<p>#PUEBLA | La II Cumbre Iberoamericana de Artesan\u00edas reuni\u00f3 en Puebla, M\u00e9xico, del 28 al 30 de agosto, a expositores de distintos puntos de la regi\u00f3n. Entre ellos, trece representantes de Chile, Colombia, Cuba, Ecuador, M\u00e9xico, Paraguay y Per\u00fa, que llegaron al Z\u00f3calo poblano a trav\u00e9s del Programa Iberoamericano Iberartesan\u00edas, en el marco de su estrategia de visibilidad, circulaci\u00f3n e internacionalizaci\u00f3n del sector. Artesanos y artesanas que cerraron su participaci\u00f3n con ventas acumuladas por 338.467 pesos mexicanos, unos 19.909 d\u00f3lares.<\/p>\n<p>Durante las tres jornadas del encuentro \u2014organizado por Iberartesan\u00edas en coordinaci\u00f3n con el Instituto Municipal de Arte y Cultura de Puebla (Imacp) y la SEGIB\u2014 el Z\u00f3calo poblano se convirti\u00f3 en un escaparate vivo de oficios, con una amplia variedad de expresiones artesanales, t\u00e9cnicas y materiales que dan cuenta de la riqueza cultural y creativa de Iberoam\u00e9rica.<\/p>\n<p>La programaci\u00f3n de la Cumbre fue m\u00e1s all\u00e1 de la exhibici\u00f3n de piezas e incorpor\u00f3 un componente formativo y de difusi\u00f3n cultural abierto a todo el p\u00fablico. Hubo conferencias, demostraciones artesanales en vivo, expresiones art\u00edsticas y funciones de cine vinculadas a la artesan\u00eda, con la participaci\u00f3n de representantes gubernamentales, instituciones y comunidades artesanales de distintos puntos de Iberoam\u00e9rica.<\/p>\n<p>#Artesan\u00eda #Iberoamericana #Conquista #Z\u00f3calo #Puebla<\/p>\n","protected":false},"excerpt":{"rendered":"<p>\ud83d\udd38 Artesanas y artesanos de toda la regi\u00f3n compartieron sus t\u00e9cnicas, materiales y saberes tradicionales&#8230;<\/p>\n","protected":false},"author":1,"featured_media":46486,"comment_status":"open","ping_status":"closed","sticky":false,"template":"","format":"standard","meta":{"footnotes":""},"categories":[2,40],"tags":[],"class_list":["post-46484","post","type-post","status-publish","format-standard","has-post-thumbnail","hentry","category-nacional","category-puebla"],"_links":{"self":[{"href":"https:\/\/newsqr.com.mx\/index.php?rest_route=\/wp\/v2\/posts\/46484","targetHints":{"allow":["GET"]}}],"collection":[{"href":"https:\/\/newsqr.com.mx\/index.php?rest_route=\/wp\/v2\/posts"}],"about":[{"href":"https:\/\/newsqr.com.mx\/index.php?rest_route=\/wp\/v2\/types\/post"}],"author":[{"embeddable":true,"href":"https:\/\/newsqr.com.mx\/index.php?rest_route=\/wp\/v2\/users\/1"}],"replies":[{"embeddable":true,"href":"https:\/\/newsqr.com.mx\/index.php?rest_route=%2Fwp%2Fv2%2Fcomments&post=46484"}],"version-history":[{"count":1,"href":"https:\/\/newsqr.com.mx\/index.php?rest_route=\/wp\/v2\/posts\/46484\/revisions"}],"predecessor-version":[{"id":46485,"href":"https:\/\/newsqr.com.mx\/index.php?rest_route=\/wp\/v2\/posts\/46484\/revisions\/46485"}],"wp:featuredmedia":[{"embeddable":true,"href":"https:\/\/newsqr.com.mx\/index.php?rest_route=\/wp\/v2\/media\/46486"}],"wp:attachment":[{"href":"https:\/\/newsqr.com.mx\/index.php?rest_route=%2Fwp%2Fv2%2Fmedia&parent=46484"}],"wp:term":[{"taxonomy":"category","embeddable":true,"href":"https:\/\/newsqr.com.mx\/index.php?rest_route=%2Fwp%2Fv2%2Fcategories&post=46484"},{"taxonomy":"post_tag","embeddable":true,"href":"https:\/\/newsqr.com.mx\/index.php?rest_route=%2Fwp%2Fv2%2Ftags&post=46484"}],"curies":[{"name":"wp","href":"https:\/\/api.w.org\/{rel}","templated":true}]}}